{"id":24281,"date":"2025-10-09T11:44:49","date_gmt":"2025-10-09T08:44:49","guid":{"rendered":"https:\/\/kardelenotomotiv.com.tr\/tr\/?p=24281"},"modified":"2026-01-30T10:17:05","modified_gmt":"2026-01-30T07:17:05","slug":"kardelende-piknik-senligi","status":"publish","type":"post","link":"https:\/\/kardelenotomotiv.com.tr\/tr\/kardelende-piknik-senligi\/","title":{"rendered":"Kardelende Piknik \u015eenli\u011fi"},"content":{"rendered":"\t\t<div data-elementor-type=\"wp-post\" data-elementor-id=\"24281\" class=\"elementor elementor-24281\">\n\t\t\t\t<div class=\"elementor-element elementor-element-680e37e6 e-flex e-con-boxed sc_layouts_column_icons_position_left e-con e-parent\" data-id=\"680e37e6\" data-element_type=\"container\">\n\t\t\t\t\t<div class=\"e-con-inner\">\n\t\t\t\t<div class=\"elementor-element elementor-element-6a2d902e sc_fly_static elementor-widget elementor-widget-text-editor\" data-id=\"6a2d902e\" data-element_type=\"widget\" data-widget_type=\"text-editor.default\">\n\t\t\t\t<div class=\"elementor-widget-container\">\n\t\t\t\t\t\t\t\t\t<p><strong>Yaz Pikni\u011finde Bir Araya Geldik<\/strong><\/p><p>Yaz\u0131n keyfini birlikte \u00e7\u0131karmak amac\u0131yla d\u00fczenledi\u011fimiz &#8216;Geleneksel Kardelen Pikni\u011fi&#8217; ekip arkada\u015flar\u0131m\u0131z\u0131n kat\u0131l\u0131m\u0131yla s\u0131cak ve keyifli bir atmosferde ger\u00e7ekle\u015fti. G\u00fcnl\u00fck i\u015f temposuna k\u0131sa bir ara verdi\u011fimiz etkinlikte, samimi sohbetler, lezzetli ikramlar ve payla\u015f\u0131lan g\u00fczel anlar \u00f6ne \u00e7\u0131kt\u0131.<br \/>Tak\u0131m ruhunu g\u00fc\u00e7lendiren bu bulu\u015fma, birlikte olman\u0131n ve payla\u015fman\u0131n de\u011ferini bir kez daha hissettirdi.<\/p>\t\t\t\t\t\t\t\t<\/div>\n\t\t\t\t<\/div>\n\t\t\t\t<div class=\"elementor-element elementor-element-f863257 sc_fly_static elementor-widget elementor-widget-image\" data-id=\"f863257\" data-element_type=\"widget\" data-widget_type=\"image.default\">\n\t\t\t\t<div class=\"elementor-widget-container\">\n\t\t\t\t\t\t\t\t\t\t\t\t\t\t\t<img decoding=\"async\" src=\"https:\/\/kardelenotomotiv.com.tr\/tr\/wp-content\/uploads\/2026\/01\/kolaj-kardelen.png\" title=\"\" alt=\"\" loading=\"lazy\" \/>\t\t\t\t\t\t\t\t\t\t\t\t\t\t\t<\/div>\n\t\t\t\t<\/div>\n\t\t\t\t\t<\/div>\n\t\t\t\t<\/div>\n\t\t<div class=\"elementor-element elementor-element-917367e e-flex e-con-boxed sc_layouts_column_icons_position_left e-con e-parent\" data-id=\"917367e\" data-element_type=\"container\">\n\t\t\t\t\t<div class=\"e-con-inner\">\n\t\t\t\t<div class=\"elementor-element elementor-element-b007f3b sc_fly_static elementor-widget elementor-widget-image\" data-id=\"b007f3b\" data-element_type=\"widget\" data-widget_type=\"image.default\">\n\t\t\t\t<div class=\"elementor-widget-container\">\n\t\t\t\t\t\t\t\t\t\t\t\t\t\t\t<img fetchpriority=\"high\" decoding=\"async\" width=\"1024\" height=\"575\" src=\"https:\/\/kardelenotomotiv.com.tr\/tr\/wp-content\/uploads\/2026\/01\/9-1024x575.jpeg\" class=\"attachment-large size-large wp-image-24284\" alt=\"\" srcset=\"https:\/\/kardelenotomotiv.com.tr\/tr\/wp-content\/uploads\/2026\/01\/9-1024x575.jpeg 1024w, https:\/\/kardelenotomotiv.com.tr\/tr\/wp-content\/uploads\/2026\/01\/9-300x169.jpeg 300w, https:\/\/kardelenotomotiv.com.tr\/tr\/wp-content\/uploads\/2026\/01\/9-768x432.jpeg 768w, https:\/\/kardelenotomotiv.com.tr\/tr\/wp-content\/uploads\/2026\/01\/9-1536x863.jpeg 1536w, https:\/\/kardelenotomotiv.com.tr\/tr\/wp-content\/uploads\/2026\/01\/9-370x208.jpeg 370w, https:\/\/kardelenotomotiv.com.tr\/tr\/wp-content\/uploads\/2026\/01\/9-1290x725.jpeg 1290w, https:\/\/kardelenotomotiv.com.tr\/tr\/wp-content\/uploads\/2026\/01\/9-840x472.jpeg 840w, https:\/\/kardelenotomotiv.com.tr\/tr\/wp-content\/uploads\/2026\/01\/9-410x230.jpeg 410w, https:\/\/kardelenotomotiv.com.tr\/tr\/wp-content\/uploads\/2026\/01\/9-270x152.jpeg 270w, https:\/\/kardelenotomotiv.com.tr\/tr\/wp-content\/uploads\/2026\/01\/9.jpeg 1600w\" sizes=\"(max-width: 1024px) 100vw, 1024px\" \/>\t\t\t\t\t\t\t\t\t\t\t\t\t\t\t<\/div>\n\t\t\t\t<\/div>\n\t\t\t\t\t<\/div>\n\t\t\t\t<\/div>\n\t\t\t\t<\/div>\n\t\t","protected":false},"excerpt":{"rendered":"<p>Yaz Pikni\u011finde Bir Araya Geldik Yaz\u0131n keyfini birlikte \u00e7\u0131karmak amac\u0131yla d\u00fczenledi\u011fimiz &#8216;Geleneksel Kardelen Pikni\u011fi&#8217; ekip arkada\u015flar\u0131m\u0131z\u0131n kat\u0131l\u0131m\u0131yla s\u0131cak ve keyifli bir atmosferde ger\u00e7ekle\u015fti. G\u00fcnl\u00fck i\u015f temposuna k\u0131sa bir ara verdi\u011fimiz&hellip;<\/p>\n","protected":false},"author":1,"featured_media":24284,"comment_status":"closed","ping_status":"closed","sticky":false,"template":"","format":"standard","meta":{"footnotes":""},"categories":[228],"tags":[],"class_list":["post-24281","post","type-post","status-publish","format-standard","has-post-thumbnail","hentry","category-etkinlik-faaliyetlerimiz"],"yoast_head":"<!-- This site is optimized with the Yoast SEO plugin v26.6 - https:\/\/yoast.com\/wordpress\/plugins\/seo\/ -->\n<title>Kardelende Piknik \u015eenli\u011fi - KARDELEN OTOMOT\u0130V<\/title>\n<meta name=\"description\" content=\"B\u00fcy\u00fck\u015fehir Belediyesi Aktif Ya\u015fam Merkeziyle engelleri a\u015f\u0131yorlar. Kardelen Otomotiv olarak ziyaretimizi ger\u00e7ekle\u015ftirdik ve \u00e7ok mutlu anlar yakalad\u0131k.\" \/>\n<meta name=\"robots\" content=\"index, follow, max-snippet:-1, max-image-preview:large, max-video-preview:-1\" \/>\n<link rel=\"canonical\" href=\"https:\/\/kardelenotomotiv.com.tr\/tr\/kardelende-piknik-senligi\/\" \/>\n<meta property=\"og:locale\" content=\"tr_TR\" \/>\n<meta property=\"og:type\" content=\"article\" \/>\n<meta property=\"og:title\" content=\"Kardelende Piknik \u015eenli\u011fi - KARDELEN OTOMOT\u0130V\" \/>\n<meta property=\"og:description\" content=\"B\u00fcy\u00fck\u015fehir Belediyesi Aktif Ya\u015fam Merkeziyle engelleri a\u015f\u0131yorlar. Kardelen Otomotiv olarak ziyaretimizi ger\u00e7ekle\u015ftirdik ve \u00e7ok mutlu anlar yakalad\u0131k.\" \/>\n<meta property=\"og:url\" content=\"https:\/\/kardelenotomotiv.com.tr\/tr\/kardelende-piknik-senligi\/\" \/>\n<meta property=\"og:site_name\" content=\"KARDELEN OTOMOT\u0130V\" \/>\n<meta property=\"article:publisher\" content=\"https:\/\/www.facebook.com\/kardelenotomotivtr\" \/>\n<meta property=\"article:published_time\" content=\"2025-10-09T08:44:49+00:00\" \/>\n<meta property=\"article:modified_time\" content=\"2026-01-30T07:17:05+00:00\" \/>\n<meta property=\"og:image\" content=\"https:\/\/kardelenotomotiv.com.tr\/tr\/wp-content\/uploads\/2026\/01\/9.jpeg\" \/>\n\t<meta property=\"og:image:width\" content=\"1600\" \/>\n\t<meta property=\"og:image:height\" content=\"899\" \/>\n\t<meta property=\"og:image:type\" content=\"image\/jpeg\" \/>\n<meta name=\"author\" content=\"Kardelen21NetLog\" \/>\n<meta name=\"twitter:card\" content=\"summary_large_image\" \/>\n<meta name=\"twitter:label1\" content=\"Yazan:\" \/>\n\t<meta name=\"twitter:data1\" content=\"Kardelen21NetLog\" \/>\n\t<meta name=\"twitter:label2\" content=\"Tahmini okuma s\u00fcresi\" \/>\n\t<meta name=\"twitter:data2\" content=\"1 dakika\" \/>\n<script type=\"application\/ld+json\" class=\"yoast-schema-graph\">{\"@context\":\"https:\/\/schema.org\",\"@graph\":[{\"@type\":\"Article\",\"@id\":\"https:\/\/kardelenotomotiv.com.tr\/tr\/kardelende-piknik-senligi\/#article\",\"isPartOf\":{\"@id\":\"https:\/\/kardelenotomotiv.com.tr\/tr\/kardelende-piknik-senligi\/\"},\"author\":{\"name\":\"Kardelen21NetLog\",\"@id\":\"https:\/\/kardelenotomotiv.com.tr\/tr\/#\/schema\/person\/5be344404387ac9c78a72fd852abe7a9\"},\"headline\":\"Kardelende Piknik \u015eenli\u011fi\",\"datePublished\":\"2025-10-09T08:44:49+00:00\",\"dateModified\":\"2026-01-30T07:17:05+00:00\",\"mainEntityOfPage\":{\"@id\":\"https:\/\/kardelenotomotiv.com.tr\/tr\/kardelende-piknik-senligi\/\"},\"wordCount\":88,\"publisher\":{\"@id\":\"https:\/\/kardelenotomotiv.com.tr\/tr\/#organization\"},\"image\":{\"@id\":\"https:\/\/kardelenotomotiv.com.tr\/tr\/kardelende-piknik-senligi\/#primaryimage\"},\"thumbnailUrl\":\"https:\/\/kardelenotomotiv.com.tr\/tr\/wp-content\/uploads\/2026\/01\/9.jpeg\",\"articleSection\":[\"Etkinlik &amp; Faaliyetlerimiz\"],\"inLanguage\":\"tr\"},{\"@type\":\"WebPage\",\"@id\":\"https:\/\/kardelenotomotiv.com.tr\/tr\/kardelende-piknik-senligi\/\",\"url\":\"https:\/\/kardelenotomotiv.com.tr\/tr\/kardelende-piknik-senligi\/\",\"name\":\"Kardelende Piknik \u015eenli\u011fi - KARDELEN OTOMOT\u0130V\",\"isPartOf\":{\"@id\":\"https:\/\/kardelenotomotiv.com.tr\/tr\/#website\"},\"primaryImageOfPage\":{\"@id\":\"https:\/\/kardelenotomotiv.com.tr\/tr\/kardelende-piknik-senligi\/#primaryimage\"},\"image\":{\"@id\":\"https:\/\/kardelenotomotiv.com.tr\/tr\/kardelende-piknik-senligi\/#primaryimage\"},\"thumbnailUrl\":\"https:\/\/kardelenotomotiv.com.tr\/tr\/wp-content\/uploads\/2026\/01\/9.jpeg\",\"datePublished\":\"2025-10-09T08:44:49+00:00\",\"dateModified\":\"2026-01-30T07:17:05+00:00\",\"description\":\"B\u00fcy\u00fck\u015fehir Belediyesi Aktif Ya\u015fam Merkeziyle engelleri a\u015f\u0131yorlar. Kardelen Otomotiv olarak ziyaretimizi ger\u00e7ekle\u015ftirdik ve \u00e7ok mutlu anlar yakalad\u0131k.\",\"breadcrumb\":{\"@id\":\"https:\/\/kardelenotomotiv.com.tr\/tr\/kardelende-piknik-senligi\/#breadcrumb\"},\"inLanguage\":\"tr\",\"potentialAction\":[{\"@type\":\"ReadAction\",\"target\":[\"https:\/\/kardelenotomotiv.com.tr\/tr\/kardelende-piknik-senligi\/\"]}]},{\"@type\":\"ImageObject\",\"inLanguage\":\"tr\",\"@id\":\"https:\/\/kardelenotomotiv.com.tr\/tr\/kardelende-piknik-senligi\/#primaryimage\",\"url\":\"https:\/\/kardelenotomotiv.com.tr\/tr\/wp-content\/uploads\/2026\/01\/9.jpeg\",\"contentUrl\":\"https:\/\/kardelenotomotiv.com.tr\/tr\/wp-content\/uploads\/2026\/01\/9.jpeg\",\"width\":1600,\"height\":899},{\"@type\":\"BreadcrumbList\",\"@id\":\"https:\/\/kardelenotomotiv.com.tr\/tr\/kardelende-piknik-senligi\/#breadcrumb\",\"itemListElement\":[{\"@type\":\"ListItem\",\"position\":1,\"name\":\"Anasayfa\",\"item\":\"https:\/\/kardelenotomotiv.com.tr\/tr\/\"},{\"@type\":\"ListItem\",\"position\":2,\"name\":\"Kardelende Piknik \u015eenli\u011fi\"}]},{\"@type\":\"WebSite\",\"@id\":\"https:\/\/kardelenotomotiv.com.tr\/tr\/#website\",\"url\":\"https:\/\/kardelenotomotiv.com.tr\/tr\/\",\"name\":\"KARDELEN OTOMOT\u0130V\",\"description\":\"Kardelen Otomotiv, Toyota, Honda, Otoko\u00e7, Diyarbak\u0131r - Otomobili Yeniden Ke\u015ffedin!\",\"publisher\":{\"@id\":\"https:\/\/kardelenotomotiv.com.tr\/tr\/#organization\"},\"alternateName\":\"KARDELEN OTOMOT\u0130V D\u0130YARBAKIR\",\"potentialAction\":[{\"@type\":\"SearchAction\",\"target\":{\"@type\":\"EntryPoint\",\"urlTemplate\":\"https:\/\/kardelenotomotiv.com.tr\/tr\/?s={search_term_string}\"},\"query-input\":{\"@type\":\"PropertyValueSpecification\",\"valueRequired\":true,\"valueName\":\"search_term_string\"}}],\"inLanguage\":\"tr\"},{\"@type\":\"Organization\",\"@id\":\"https:\/\/kardelenotomotiv.com.tr\/tr\/#organization\",\"name\":\"KARDELEN OTOMOT\u0130V D\u0130YARBAKIR\",\"alternateName\":\"Toyota Kardelen, Honda Kardelen, Otoko\u00e7 Kardelen Otomotiv\",\"url\":\"https:\/\/kardelenotomotiv.com.tr\/tr\/\",\"logo\":{\"@type\":\"ImageObject\",\"inLanguage\":\"tr\",\"@id\":\"https:\/\/kardelenotomotiv.com.tr\/tr\/#\/schema\/logo\/image\/\",\"url\":\"https:\/\/kardelenotomotiv.com.tr\/tr\/wp-content\/uploads\/2024\/08\/logo-siyah-kardelen.png\",\"contentUrl\":\"https:\/\/kardelenotomotiv.com.tr\/tr\/wp-content\/uploads\/2024\/08\/logo-siyah-kardelen.png\",\"width\":443,\"height\":73,\"caption\":\"KARDELEN OTOMOT\u0130V D\u0130YARBAKIR\"},\"image\":{\"@id\":\"https:\/\/kardelenotomotiv.com.tr\/tr\/#\/schema\/logo\/image\/\"},\"sameAs\":[\"https:\/\/www.facebook.com\/kardelenotomotivtr\",\"https:\/\/www.instagram.com\/kardelenotomotivtr\/\",\"https:\/\/www.youtube.com\/c\/KardelenOtomotiv\"]},{\"@type\":\"Person\",\"@id\":\"https:\/\/kardelenotomotiv.com.tr\/tr\/#\/schema\/person\/5be344404387ac9c78a72fd852abe7a9\",\"name\":\"Kardelen21NetLog\",\"image\":{\"@type\":\"ImageObject\",\"inLanguage\":\"tr\",\"@id\":\"https:\/\/kardelenotomotiv.com.tr\/tr\/#\/schema\/person\/image\/\",\"url\":\"https:\/\/secure.gravatar.com\/avatar\/5244acff807fb99d4d7f90b011a9e576cdc73b47905942f51472c882c97d9911?s=96&d=mm&r=g\",\"contentUrl\":\"https:\/\/secure.gravatar.com\/avatar\/5244acff807fb99d4d7f90b011a9e576cdc73b47905942f51472c882c97d9911?s=96&d=mm&r=g\",\"caption\":\"Kardelen21NetLog\"},\"sameAs\":[\"https:\/\/kardelenotomotiv.com.tr\/tr\"],\"url\":\"https:\/\/kardelenotomotiv.com.tr\/tr\/author\/kardelen21netlog\/\"}]}<\/script>\n<!-- \/ Yoast SEO plugin. -->","yoast_head_json":{"title":"Kardelende Piknik \u015eenli\u011fi - KARDELEN OTOMOT\u0130V","description":"B\u00fcy\u00fck\u015fehir Belediyesi Aktif Ya\u015fam Merkeziyle engelleri a\u015f\u0131yorlar. Kardelen Otomotiv olarak ziyaretimizi ger\u00e7ekle\u015ftirdik ve \u00e7ok mutlu anlar yakalad\u0131k.","robots":{"index":"index","follow":"follow","max-snippet":"max-snippet:-1","max-image-preview":"max-image-preview:large","max-video-preview":"max-video-preview:-1"},"canonical":"https:\/\/kardelenotomotiv.com.tr\/tr\/kardelende-piknik-senligi\/","og_locale":"tr_TR","og_type":"article","og_title":"Kardelende Piknik \u015eenli\u011fi - KARDELEN OTOMOT\u0130V","og_description":"B\u00fcy\u00fck\u015fehir Belediyesi Aktif Ya\u015fam Merkeziyle engelleri a\u015f\u0131yorlar. Kardelen Otomotiv olarak ziyaretimizi ger\u00e7ekle\u015ftirdik ve \u00e7ok mutlu anlar yakalad\u0131k.","og_url":"https:\/\/kardelenotomotiv.com.tr\/tr\/kardelende-piknik-senligi\/","og_site_name":"KARDELEN OTOMOT\u0130V","article_publisher":"https:\/\/www.facebook.com\/kardelenotomotivtr","article_published_time":"2025-10-09T08:44:49+00:00","article_modified_time":"2026-01-30T07:17:05+00:00","og_image":[{"width":1600,"height":899,"url":"https:\/\/kardelenotomotiv.com.tr\/tr\/wp-content\/uploads\/2026\/01\/9.jpeg","type":"image\/jpeg"}],"author":"Kardelen21NetLog","twitter_card":"summary_large_image","twitter_misc":{"Yazan:":"Kardelen21NetLog","Tahmini okuma s\u00fcresi":"1 dakika"},"schema":{"@context":"https:\/\/schema.org","@graph":[{"@type":"Article","@id":"https:\/\/kardelenotomotiv.com.tr\/tr\/kardelende-piknik-senligi\/#article","isPartOf":{"@id":"https:\/\/kardelenotomotiv.com.tr\/tr\/kardelende-piknik-senligi\/"},"author":{"name":"Kardelen21NetLog","@id":"https:\/\/kardelenotomotiv.com.tr\/tr\/#\/schema\/person\/5be344404387ac9c78a72fd852abe7a9"},"headline":"Kardelende Piknik \u015eenli\u011fi","datePublished":"2025-10-09T08:44:49+00:00","dateModified":"2026-01-30T07:17:05+00:00","mainEntityOfPage":{"@id":"https:\/\/kardelenotomotiv.com.tr\/tr\/kardelende-piknik-senligi\/"},"wordCount":88,"publisher":{"@id":"https:\/\/kardelenotomotiv.com.tr\/tr\/#organization"},"image":{"@id":"https:\/\/kardelenotomotiv.com.tr\/tr\/kardelende-piknik-senligi\/#primaryimage"},"thumbnailUrl":"https:\/\/kardelenotomotiv.com.tr\/tr\/wp-content\/uploads\/2026\/01\/9.jpeg","articleSection":["Etkinlik &amp; Faaliyetlerimiz"],"inLanguage":"tr"},{"@type":"WebPage","@id":"https:\/\/kardelenotomotiv.com.tr\/tr\/kardelende-piknik-senligi\/","url":"https:\/\/kardelenotomotiv.com.tr\/tr\/kardelende-piknik-senligi\/","name":"Kardelende Piknik \u015eenli\u011fi - KARDELEN OTOMOT\u0130V","isPartOf":{"@id":"https:\/\/kardelenotomotiv.com.tr\/tr\/#website"},"primaryImageOfPage":{"@id":"https:\/\/kardelenotomotiv.com.tr\/tr\/kardelende-piknik-senligi\/#primaryimage"},"image":{"@id":"https:\/\/kardelenotomotiv.com.tr\/tr\/kardelende-piknik-senligi\/#primaryimage"},"thumbnailUrl":"https:\/\/kardelenotomotiv.com.tr\/tr\/wp-content\/uploads\/2026\/01\/9.jpeg","datePublished":"2025-10-09T08:44:49+00:00","dateModified":"2026-01-30T07:17:05+00:00","description":"B\u00fcy\u00fck\u015fehir Belediyesi Aktif Ya\u015fam Merkeziyle engelleri a\u015f\u0131yorlar. Kardelen Otomotiv olarak ziyaretimizi ger\u00e7ekle\u015ftirdik ve \u00e7ok mutlu anlar yakalad\u0131k.","breadcrumb":{"@id":"https:\/\/kardelenotomotiv.com.tr\/tr\/kardelende-piknik-senligi\/#breadcrumb"},"inLanguage":"tr","potentialAction":[{"@type":"ReadAction","target":["https:\/\/kardelenotomotiv.com.tr\/tr\/kardelende-piknik-senligi\/"]}]},{"@type":"ImageObject","inLanguage":"tr","@id":"https:\/\/kardelenotomotiv.com.tr\/tr\/kardelende-piknik-senligi\/#primaryimage","url":"https:\/\/kardelenotomotiv.com.tr\/tr\/wp-content\/uploads\/2026\/01\/9.jpeg","contentUrl":"https:\/\/kardelenotomotiv.com.tr\/tr\/wp-content\/uploads\/2026\/01\/9.jpeg","width":1600,"height":899},{"@type":"BreadcrumbList","@id":"https:\/\/kardelenotomotiv.com.tr\/tr\/kardelende-piknik-senligi\/#breadcrumb","itemListElement":[{"@type":"ListItem","position":1,"name":"Anasayfa","item":"https:\/\/kardelenotomotiv.com.tr\/tr\/"},{"@type":"ListItem","position":2,"name":"Kardelende Piknik \u015eenli\u011fi"}]},{"@type":"WebSite","@id":"https:\/\/kardelenotomotiv.com.tr\/tr\/#website","url":"https:\/\/kardelenotomotiv.com.tr\/tr\/","name":"KARDELEN OTOMOT\u0130V","description":"Kardelen Otomotiv, Toyota, Honda, Otoko\u00e7, Diyarbak\u0131r - Otomobili Yeniden Ke\u015ffedin!","publisher":{"@id":"https:\/\/kardelenotomotiv.com.tr\/tr\/#organization"},"alternateName":"KARDELEN OTOMOT\u0130V D\u0130YARBAKIR","potentialAction":[{"@type":"SearchAction","target":{"@type":"EntryPoint","urlTemplate":"https:\/\/kardelenotomotiv.com.tr\/tr\/?s={search_term_string}"},"query-input":{"@type":"PropertyValueSpecification","valueRequired":true,"valueName":"search_term_string"}}],"inLanguage":"tr"},{"@type":"Organization","@id":"https:\/\/kardelenotomotiv.com.tr\/tr\/#organization","name":"KARDELEN OTOMOT\u0130V D\u0130YARBAKIR","alternateName":"Toyota Kardelen, Honda Kardelen, Otoko\u00e7 Kardelen Otomotiv","url":"https:\/\/kardelenotomotiv.com.tr\/tr\/","logo":{"@type":"ImageObject","inLanguage":"tr","@id":"https:\/\/kardelenotomotiv.com.tr\/tr\/#\/schema\/logo\/image\/","url":"https:\/\/kardelenotomotiv.com.tr\/tr\/wp-content\/uploads\/2024\/08\/logo-siyah-kardelen.png","contentUrl":"https:\/\/kardelenotomotiv.com.tr\/tr\/wp-content\/uploads\/2024\/08\/logo-siyah-kardelen.png","width":443,"height":73,"caption":"KARDELEN OTOMOT\u0130V D\u0130YARBAKIR"},"image":{"@id":"https:\/\/kardelenotomotiv.com.tr\/tr\/#\/schema\/logo\/image\/"},"sameAs":["https:\/\/www.facebook.com\/kardelenotomotivtr","https:\/\/www.instagram.com\/kardelenotomotivtr\/","https:\/\/www.youtube.com\/c\/KardelenOtomotiv"]},{"@type":"Person","@id":"https:\/\/kardelenotomotiv.com.tr\/tr\/#\/schema\/person\/5be344404387ac9c78a72fd852abe7a9","name":"Kardelen21NetLog","image":{"@type":"ImageObject","inLanguage":"tr","@id":"https:\/\/kardelenotomotiv.com.tr\/tr\/#\/schema\/person\/image\/","url":"https:\/\/secure.gravatar.com\/avatar\/5244acff807fb99d4d7f90b011a9e576cdc73b47905942f51472c882c97d9911?s=96&d=mm&r=g","contentUrl":"https:\/\/secure.gravatar.com\/avatar\/5244acff807fb99d4d7f90b011a9e576cdc73b47905942f51472c882c97d9911?s=96&d=mm&r=g","caption":"Kardelen21NetLog"},"sameAs":["https:\/\/kardelenotomotiv.com.tr\/tr"],"url":"https:\/\/kardelenotomotiv.com.tr\/tr\/author\/kardelen21netlog\/"}]}},"_links":{"self":[{"href":"https:\/\/kardelenotomotiv.com.tr\/tr\/wp-json\/wp\/v2\/posts\/24281","targetHints":{"allow":["GET"]}}],"collection":[{"href":"https:\/\/kardelenotomotiv.com.tr\/tr\/wp-json\/wp\/v2\/posts"}],"about":[{"href":"https:\/\/kardelenotomotiv.com.tr\/tr\/wp-json\/wp\/v2\/types\/post"}],"author":[{"embeddable":true,"href":"https:\/\/kardelenotomotiv.com.tr\/tr\/wp-json\/wp\/v2\/users\/1"}],"replies":[{"embeddable":true,"href":"https:\/\/kardelenotomotiv.com.tr\/tr\/wp-json\/wp\/v2\/comments?post=24281"}],"version-history":[{"count":5,"href":"https:\/\/kardelenotomotiv.com.tr\/tr\/wp-json\/wp\/v2\/posts\/24281\/revisions"}],"predecessor-version":[{"id":24287,"href":"https:\/\/kardelenotomotiv.com.tr\/tr\/wp-json\/wp\/v2\/posts\/24281\/revisions\/24287"}],"wp:featuredmedia":[{"embeddable":true,"href":"https:\/\/kardelenotomotiv.com.tr\/tr\/wp-json\/wp\/v2\/media\/24284"}],"wp:attachment":[{"href":"https:\/\/kardelenotomotiv.com.tr\/tr\/wp-json\/wp\/v2\/media?parent=24281"}],"wp:term":[{"taxonomy":"category","embeddable":true,"href":"https:\/\/kardelenotomotiv.com.tr\/tr\/wp-json\/wp\/v2\/categories?post=24281"},{"taxonomy":"post_tag","embeddable":true,"href":"https:\/\/kardelenotomotiv.com.tr\/tr\/wp-json\/wp\/v2\/tags?post=24281"}],"curies":[{"name":"wp","href":"https:\/\/api.w.org\/{rel}","templated":true}]}}