{"id":24239,"date":"2026-01-09T12:41:41","date_gmt":"2026-01-09T09:41:41","guid":{"rendered":"https:\/\/kardelenotomotiv.com.tr\/tr\/?p=24239"},"modified":"2026-03-11T16:24:37","modified_gmt":"2026-03-11T13:24:37","slug":"kardelen-otomotiv-ailesinden-yeni-yil-kutlamasi","status":"publish","type":"post","link":"https:\/\/kardelenotomotiv.com.tr\/tr\/kardelen-otomotiv-ailesinden-yeni-yil-kutlamasi\/","title":{"rendered":"Kardelen Otomotiv Ailesinden Yeni Y\u0131l Kutlamas\u0131"},"content":{"rendered":"\t\t<div data-elementor-type=\"wp-post\" data-elementor-id=\"24239\" class=\"elementor elementor-24239\">\n\t\t\t\t<div class=\"elementor-element elementor-element-680e37e6 e-flex e-con-boxed sc_layouts_column_icons_position_left e-con e-parent\" data-id=\"680e37e6\" data-element_type=\"container\">\n\t\t\t\t\t<div class=\"e-con-inner\">\n\t\t\t\t<div class=\"elementor-element elementor-element-6a2d902e sc_fly_static elementor-widget elementor-widget-text-editor\" data-id=\"6a2d902e\" data-element_type=\"widget\" data-widget_type=\"text-editor.default\">\n\t\t\t\t<div class=\"elementor-widget-container\">\n\t\t\t\t\t\t\t\t\t<p><strong>2026 Yeni Y\u0131l\u0131na Keyifli Bir Ba\u015flang\u0131\u00e7<\/strong><\/p><p>Yeni y\u0131la birlikte merhaba dedi\u011fimiz Yeni Y\u0131l Kokteyli, keyifli anlara sahne oldu.<br \/>Ekip arkada\u015flar\u0131m\u0131z\u0131n dans, m\u00fczik ve samimi sohbetler e\u015fli\u011finde bir araya geldi\u011fi etkinlikte; \u0130nsan Kaynaklar\u0131 Direkt\u00f6r\u00fcm\u00fcz Sn. Fulya Yakar ve Kardelen Otomotiv Genel Koordinat\u00f6r\u00fcm\u00fcz Sn. Mustafa Seydao\u011flu, yeni y\u0131la dair iyi dileklerini payla\u015ft\u0131.<br \/>Ayr\u0131ca, 2025 y\u0131l\u0131 Toyota T\u00fcrkiye e\u011fitimlerinde g\u00f6sterdi\u011fi \u00fcst\u00fcn ba\u015far\u0131yla E\u011fitim Birincisi olan Mekanik Teknisyenimiz Zeki Erdem ile e\u011fitimlerde \u00fcst\u00fcn ba\u015far\u0131 g\u00f6steren Mekanik Teknisyenimiz Hakk\u0131 I\u015f\u0131k, pasta keserek ba\u015far\u0131lar\u0131n\u0131 ekip arkada\u015flar\u0131yla birlikte kutlad\u0131.<\/p>\t\t\t\t\t\t\t\t<\/div>\n\t\t\t\t<\/div>\n\t\t\t\t<div class=\"elementor-element elementor-element-f863257 sc_fly_static elementor-widget elementor-widget-image\" data-id=\"f863257\" data-element_type=\"widget\" data-widget_type=\"image.default\">\n\t\t\t\t<div class=\"elementor-widget-container\">\n\t\t\t\t\t\t\t\t\t\t\t\t\t\t\t<img decoding=\"async\" src=\"https:\/\/kardelenotomotiv.com.tr\/tr\/wp-content\/uploads\/2026\/01\/kolaj-kardelen.png\" title=\"\" alt=\"\" loading=\"lazy\" \/>\t\t\t\t\t\t\t\t\t\t\t\t\t\t\t<\/div>\n\t\t\t\t<\/div>\n\t\t\t\t\t<\/div>\n\t\t\t\t<\/div>\n\t\t<div class=\"elementor-element elementor-element-917367e e-flex e-con-boxed sc_layouts_column_icons_position_left e-con e-parent\" data-id=\"917367e\" data-element_type=\"container\">\n\t\t\t\t\t<div class=\"e-con-inner\">\n\t\t\t\t<div class=\"elementor-element elementor-element-b007f3b sc_fly_static elementor-widget elementor-widget-image\" data-id=\"b007f3b\" data-element_type=\"widget\" data-widget_type=\"image.default\">\n\t\t\t\t<div class=\"elementor-widget-container\">\n\t\t\t\t\t\t\t\t\t\t\t\t\t\t\t<img fetchpriority=\"high\" decoding=\"async\" width=\"1024\" height=\"576\" src=\"https:\/\/kardelenotomotiv.com.tr\/tr\/wp-content\/uploads\/2026\/01\/1-1-1024x576.png\" class=\"attachment-large size-large wp-image-24272\" alt=\"\" srcset=\"https:\/\/kardelenotomotiv.com.tr\/tr\/wp-content\/uploads\/2026\/01\/1-1-1024x576.png 1024w, https:\/\/kardelenotomotiv.com.tr\/tr\/wp-content\/uploads\/2026\/01\/1-1-300x169.png 300w, https:\/\/kardelenotomotiv.com.tr\/tr\/wp-content\/uploads\/2026\/01\/1-1-768x432.png 768w, https:\/\/kardelenotomotiv.com.tr\/tr\/wp-content\/uploads\/2026\/01\/1-1-370x208.png 370w, https:\/\/kardelenotomotiv.com.tr\/tr\/wp-content\/uploads\/2026\/01\/1-1-840x473.png 840w, https:\/\/kardelenotomotiv.com.tr\/tr\/wp-content\/uploads\/2026\/01\/1-1-410x231.png 410w, https:\/\/kardelenotomotiv.com.tr\/tr\/wp-content\/uploads\/2026\/01\/1-1-270x152.png 270w, https:\/\/kardelenotomotiv.com.tr\/tr\/wp-content\/uploads\/2026\/01\/1-1.png 1280w\" sizes=\"(max-width: 1024px) 100vw, 1024px\" \/>\t\t\t\t\t\t\t\t\t\t\t\t\t\t\t<\/div>\n\t\t\t\t<\/div>\n\t\t\t\t\t<\/div>\n\t\t\t\t<\/div>\n\t\t\t\t<\/div>\n\t\t","protected":false},"excerpt":{"rendered":"<p>2026 Yeni Y\u0131l\u0131na Keyifli Bir Ba\u015flang\u0131\u00e7 Yeni y\u0131la birlikte merhaba dedi\u011fimiz Yeni Y\u0131l Kokteyli, keyifli anlara sahne oldu.Ekip arkada\u015flar\u0131m\u0131z\u0131n dans, m\u00fczik ve samimi sohbetler e\u015fli\u011finde bir araya geldi\u011fi etkinlikte; \u0130nsan&hellip;<\/p>\n","protected":false},"author":1,"featured_media":24336,"comment_status":"closed","ping_status":"closed","sticky":false,"template":"","format":"standard","meta":{"footnotes":""},"categories":[228],"tags":[],"class_list":["post-24239","post","type-post","status-publish","format-standard","has-post-thumbnail","hentry","category-etkinlik-faaliyetlerimiz"],"yoast_head":"<!-- This site is optimized with the Yoast SEO plugin v26.6 - https:\/\/yoast.com\/wordpress\/plugins\/seo\/ -->\n<title>Kardelen Otomotiv Ailesinden Yeni Y\u0131l Kutlamas\u0131 - KARDELEN OTOMOT\u0130V<\/title>\n<meta name=\"description\" content=\"B\u00fcy\u00fck\u015fehir Belediyesi Aktif Ya\u015fam Merkeziyle engelleri a\u015f\u0131yorlar. Kardelen Otomotiv olarak ziyaretimizi ger\u00e7ekle\u015ftirdik ve \u00e7ok mutlu anlar yakalad\u0131k.\" \/>\n<meta name=\"robots\" content=\"index, follow, max-snippet:-1, max-image-preview:large, max-video-preview:-1\" \/>\n<link rel=\"canonical\" href=\"https:\/\/kardelenotomotiv.com.tr\/tr\/kardelen-otomotiv-ailesinden-yeni-yil-kutlamasi\/\" \/>\n<meta property=\"og:locale\" content=\"tr_TR\" \/>\n<meta property=\"og:type\" content=\"article\" \/>\n<meta property=\"og:title\" content=\"Kardelen Otomotiv Ailesinden Yeni Y\u0131l Kutlamas\u0131 - KARDELEN OTOMOT\u0130V\" \/>\n<meta property=\"og:description\" content=\"B\u00fcy\u00fck\u015fehir Belediyesi Aktif Ya\u015fam Merkeziyle engelleri a\u015f\u0131yorlar. Kardelen Otomotiv olarak ziyaretimizi ger\u00e7ekle\u015ftirdik ve \u00e7ok mutlu anlar yakalad\u0131k.\" \/>\n<meta property=\"og:url\" content=\"https:\/\/kardelenotomotiv.com.tr\/tr\/kardelen-otomotiv-ailesinden-yeni-yil-kutlamasi\/\" \/>\n<meta property=\"og:site_name\" content=\"KARDELEN OTOMOT\u0130V\" \/>\n<meta property=\"article:publisher\" content=\"https:\/\/www.facebook.com\/kardelenotomotivtr\" \/>\n<meta property=\"article:published_time\" content=\"2026-01-09T09:41:41+00:00\" \/>\n<meta property=\"article:modified_time\" content=\"2026-03-11T13:24:37+00:00\" \/>\n<meta property=\"og:image\" content=\"https:\/\/kardelenotomotiv.com.tr\/tr\/wp-content\/uploads\/2026\/01\/yil-basi-fotografi-kardelen-1024x576.png\" \/>\n\t<meta property=\"og:image:width\" content=\"1024\" \/>\n\t<meta property=\"og:image:height\" content=\"576\" \/>\n\t<meta property=\"og:image:type\" content=\"image\/png\" \/>\n<meta name=\"author\" content=\"Kardelen21NetLog\" \/>\n<meta name=\"twitter:card\" content=\"summary_large_image\" \/>\n<meta name=\"twitter:label1\" content=\"Yazan:\" \/>\n\t<meta name=\"twitter:data1\" content=\"Kardelen21NetLog\" \/>\n\t<meta name=\"twitter:label2\" content=\"Tahmini okuma s\u00fcresi\" \/>\n\t<meta name=\"twitter:data2\" content=\"2 dakika\" \/>\n<script type=\"application\/ld+json\" class=\"yoast-schema-graph\">{\"@context\":\"https:\/\/schema.org\",\"@graph\":[{\"@type\":\"Article\",\"@id\":\"https:\/\/kardelenotomotiv.com.tr\/tr\/kardelen-otomotiv-ailesinden-yeni-yil-kutlamasi\/#article\",\"isPartOf\":{\"@id\":\"https:\/\/kardelenotomotiv.com.tr\/tr\/kardelen-otomotiv-ailesinden-yeni-yil-kutlamasi\/\"},\"author\":{\"name\":\"Kardelen21NetLog\",\"@id\":\"https:\/\/kardelenotomotiv.com.tr\/tr\/#\/schema\/person\/5be344404387ac9c78a72fd852abe7a9\"},\"headline\":\"Kardelen Otomotiv Ailesinden Yeni Y\u0131l Kutlamas\u0131\",\"datePublished\":\"2026-01-09T09:41:41+00:00\",\"dateModified\":\"2026-03-11T13:24:37+00:00\",\"mainEntityOfPage\":{\"@id\":\"https:\/\/kardelenotomotiv.com.tr\/tr\/kardelen-otomotiv-ailesinden-yeni-yil-kutlamasi\/\"},\"wordCount\":130,\"publisher\":{\"@id\":\"https:\/\/kardelenotomotiv.com.tr\/tr\/#organization\"},\"image\":{\"@id\":\"https:\/\/kardelenotomotiv.com.tr\/tr\/kardelen-otomotiv-ailesinden-yeni-yil-kutlamasi\/#primaryimage\"},\"thumbnailUrl\":\"https:\/\/kardelenotomotiv.com.tr\/tr\/wp-content\/uploads\/2026\/01\/yil-basi-fotografi-kardelen.png\",\"articleSection\":[\"Etkinlik &amp; Faaliyetlerimiz\"],\"inLanguage\":\"tr\"},{\"@type\":\"WebPage\",\"@id\":\"https:\/\/kardelenotomotiv.com.tr\/tr\/kardelen-otomotiv-ailesinden-yeni-yil-kutlamasi\/\",\"url\":\"https:\/\/kardelenotomotiv.com.tr\/tr\/kardelen-otomotiv-ailesinden-yeni-yil-kutlamasi\/\",\"name\":\"Kardelen Otomotiv Ailesinden Yeni Y\u0131l Kutlamas\u0131 - KARDELEN OTOMOT\u0130V\",\"isPartOf\":{\"@id\":\"https:\/\/kardelenotomotiv.com.tr\/tr\/#website\"},\"primaryImageOfPage\":{\"@id\":\"https:\/\/kardelenotomotiv.com.tr\/tr\/kardelen-otomotiv-ailesinden-yeni-yil-kutlamasi\/#primaryimage\"},\"image\":{\"@id\":\"https:\/\/kardelenotomotiv.com.tr\/tr\/kardelen-otomotiv-ailesinden-yeni-yil-kutlamasi\/#primaryimage\"},\"thumbnailUrl\":\"https:\/\/kardelenotomotiv.com.tr\/tr\/wp-content\/uploads\/2026\/01\/yil-basi-fotografi-kardelen.png\",\"datePublished\":\"2026-01-09T09:41:41+00:00\",\"dateModified\":\"2026-03-11T13:24:37+00:00\",\"description\":\"B\u00fcy\u00fck\u015fehir Belediyesi Aktif Ya\u015fam Merkeziyle engelleri a\u015f\u0131yorlar. Kardelen Otomotiv olarak ziyaretimizi ger\u00e7ekle\u015ftirdik ve \u00e7ok mutlu anlar yakalad\u0131k.\",\"breadcrumb\":{\"@id\":\"https:\/\/kardelenotomotiv.com.tr\/tr\/kardelen-otomotiv-ailesinden-yeni-yil-kutlamasi\/#breadcrumb\"},\"inLanguage\":\"tr\",\"potentialAction\":[{\"@type\":\"ReadAction\",\"target\":[\"https:\/\/kardelenotomotiv.com.tr\/tr\/kardelen-otomotiv-ailesinden-yeni-yil-kutlamasi\/\"]}]},{\"@type\":\"ImageObject\",\"inLanguage\":\"tr\",\"@id\":\"https:\/\/kardelenotomotiv.com.tr\/tr\/kardelen-otomotiv-ailesinden-yeni-yil-kutlamasi\/#primaryimage\",\"url\":\"https:\/\/kardelenotomotiv.com.tr\/tr\/wp-content\/uploads\/2026\/01\/yil-basi-fotografi-kardelen.png\",\"contentUrl\":\"https:\/\/kardelenotomotiv.com.tr\/tr\/wp-content\/uploads\/2026\/01\/yil-basi-fotografi-kardelen.png\",\"width\":1920,\"height\":1080},{\"@type\":\"BreadcrumbList\",\"@id\":\"https:\/\/kardelenotomotiv.com.tr\/tr\/kardelen-otomotiv-ailesinden-yeni-yil-kutlamasi\/#breadcrumb\",\"itemListElement\":[{\"@type\":\"ListItem\",\"position\":1,\"name\":\"Anasayfa\",\"item\":\"https:\/\/kardelenotomotiv.com.tr\/tr\/\"},{\"@type\":\"ListItem\",\"position\":2,\"name\":\"Kardelen Otomotiv Ailesinden Yeni Y\u0131l Kutlamas\u0131\"}]},{\"@type\":\"WebSite\",\"@id\":\"https:\/\/kardelenotomotiv.com.tr\/tr\/#website\",\"url\":\"https:\/\/kardelenotomotiv.com.tr\/tr\/\",\"name\":\"KARDELEN OTOMOT\u0130V\",\"description\":\"Kardelen Otomotiv, Toyota, Honda, Otoko\u00e7, Diyarbak\u0131r - Otomobili Yeniden Ke\u015ffedin!\",\"publisher\":{\"@id\":\"https:\/\/kardelenotomotiv.com.tr\/tr\/#organization\"},\"alternateName\":\"KARDELEN OTOMOT\u0130V D\u0130YARBAKIR\",\"potentialAction\":[{\"@type\":\"SearchAction\",\"target\":{\"@type\":\"EntryPoint\",\"urlTemplate\":\"https:\/\/kardelenotomotiv.com.tr\/tr\/?s={search_term_string}\"},\"query-input\":{\"@type\":\"PropertyValueSpecification\",\"valueRequired\":true,\"valueName\":\"search_term_string\"}}],\"inLanguage\":\"tr\"},{\"@type\":\"Organization\",\"@id\":\"https:\/\/kardelenotomotiv.com.tr\/tr\/#organization\",\"name\":\"KARDELEN OTOMOT\u0130V D\u0130YARBAKIR\",\"alternateName\":\"Toyota Kardelen, Honda Kardelen, Otoko\u00e7 Kardelen Otomotiv\",\"url\":\"https:\/\/kardelenotomotiv.com.tr\/tr\/\",\"logo\":{\"@type\":\"ImageObject\",\"inLanguage\":\"tr\",\"@id\":\"https:\/\/kardelenotomotiv.com.tr\/tr\/#\/schema\/logo\/image\/\",\"url\":\"https:\/\/kardelenotomotiv.com.tr\/tr\/wp-content\/uploads\/2024\/08\/logo-siyah-kardelen.png\",\"contentUrl\":\"https:\/\/kardelenotomotiv.com.tr\/tr\/wp-content\/uploads\/2024\/08\/logo-siyah-kardelen.png\",\"width\":443,\"height\":73,\"caption\":\"KARDELEN OTOMOT\u0130V D\u0130YARBAKIR\"},\"image\":{\"@id\":\"https:\/\/kardelenotomotiv.com.tr\/tr\/#\/schema\/logo\/image\/\"},\"sameAs\":[\"https:\/\/www.facebook.com\/kardelenotomotivtr\",\"https:\/\/www.instagram.com\/kardelenotomotivtr\/\",\"https:\/\/www.youtube.com\/c\/KardelenOtomotiv\"]},{\"@type\":\"Person\",\"@id\":\"https:\/\/kardelenotomotiv.com.tr\/tr\/#\/schema\/person\/5be344404387ac9c78a72fd852abe7a9\",\"name\":\"Kardelen21NetLog\",\"image\":{\"@type\":\"ImageObject\",\"inLanguage\":\"tr\",\"@id\":\"https:\/\/kardelenotomotiv.com.tr\/tr\/#\/schema\/person\/image\/\",\"url\":\"https:\/\/secure.gravatar.com\/avatar\/5244acff807fb99d4d7f90b011a9e576cdc73b47905942f51472c882c97d9911?s=96&d=mm&r=g\",\"contentUrl\":\"https:\/\/secure.gravatar.com\/avatar\/5244acff807fb99d4d7f90b011a9e576cdc73b47905942f51472c882c97d9911?s=96&d=mm&r=g\",\"caption\":\"Kardelen21NetLog\"},\"sameAs\":[\"https:\/\/kardelenotomotiv.com.tr\/tr\"],\"url\":\"https:\/\/kardelenotomotiv.com.tr\/tr\/author\/kardelen21netlog\/\"}]}<\/script>\n<!-- \/ Yoast SEO plugin. -->","yoast_head_json":{"title":"Kardelen Otomotiv Ailesinden Yeni Y\u0131l Kutlamas\u0131 - KARDELEN OTOMOT\u0130V","description":"B\u00fcy\u00fck\u015fehir Belediyesi Aktif Ya\u015fam Merkeziyle engelleri a\u015f\u0131yorlar. Kardelen Otomotiv olarak ziyaretimizi ger\u00e7ekle\u015ftirdik ve \u00e7ok mutlu anlar yakalad\u0131k.","robots":{"index":"index","follow":"follow","max-snippet":"max-snippet:-1","max-image-preview":"max-image-preview:large","max-video-preview":"max-video-preview:-1"},"canonical":"https:\/\/kardelenotomotiv.com.tr\/tr\/kardelen-otomotiv-ailesinden-yeni-yil-kutlamasi\/","og_locale":"tr_TR","og_type":"article","og_title":"Kardelen Otomotiv Ailesinden Yeni Y\u0131l Kutlamas\u0131 - KARDELEN OTOMOT\u0130V","og_description":"B\u00fcy\u00fck\u015fehir Belediyesi Aktif Ya\u015fam Merkeziyle engelleri a\u015f\u0131yorlar. Kardelen Otomotiv olarak ziyaretimizi ger\u00e7ekle\u015ftirdik ve \u00e7ok mutlu anlar yakalad\u0131k.","og_url":"https:\/\/kardelenotomotiv.com.tr\/tr\/kardelen-otomotiv-ailesinden-yeni-yil-kutlamasi\/","og_site_name":"KARDELEN OTOMOT\u0130V","article_publisher":"https:\/\/www.facebook.com\/kardelenotomotivtr","article_published_time":"2026-01-09T09:41:41+00:00","article_modified_time":"2026-03-11T13:24:37+00:00","og_image":[{"width":1024,"height":576,"url":"https:\/\/kardelenotomotiv.com.tr\/tr\/wp-content\/uploads\/2026\/01\/yil-basi-fotografi-kardelen-1024x576.png","type":"image\/png"}],"author":"Kardelen21NetLog","twitter_card":"summary_large_image","twitter_misc":{"Yazan:":"Kardelen21NetLog","Tahmini okuma s\u00fcresi":"2 dakika"},"schema":{"@context":"https:\/\/schema.org","@graph":[{"@type":"Article","@id":"https:\/\/kardelenotomotiv.com.tr\/tr\/kardelen-otomotiv-ailesinden-yeni-yil-kutlamasi\/#article","isPartOf":{"@id":"https:\/\/kardelenotomotiv.com.tr\/tr\/kardelen-otomotiv-ailesinden-yeni-yil-kutlamasi\/"},"author":{"name":"Kardelen21NetLog","@id":"https:\/\/kardelenotomotiv.com.tr\/tr\/#\/schema\/person\/5be344404387ac9c78a72fd852abe7a9"},"headline":"Kardelen Otomotiv Ailesinden Yeni Y\u0131l Kutlamas\u0131","datePublished":"2026-01-09T09:41:41+00:00","dateModified":"2026-03-11T13:24:37+00:00","mainEntityOfPage":{"@id":"https:\/\/kardelenotomotiv.com.tr\/tr\/kardelen-otomotiv-ailesinden-yeni-yil-kutlamasi\/"},"wordCount":130,"publisher":{"@id":"https:\/\/kardelenotomotiv.com.tr\/tr\/#organization"},"image":{"@id":"https:\/\/kardelenotomotiv.com.tr\/tr\/kardelen-otomotiv-ailesinden-yeni-yil-kutlamasi\/#primaryimage"},"thumbnailUrl":"https:\/\/kardelenotomotiv.com.tr\/tr\/wp-content\/uploads\/2026\/01\/yil-basi-fotografi-kardelen.png","articleSection":["Etkinlik &amp; Faaliyetlerimiz"],"inLanguage":"tr"},{"@type":"WebPage","@id":"https:\/\/kardelenotomotiv.com.tr\/tr\/kardelen-otomotiv-ailesinden-yeni-yil-kutlamasi\/","url":"https:\/\/kardelenotomotiv.com.tr\/tr\/kardelen-otomotiv-ailesinden-yeni-yil-kutlamasi\/","name":"Kardelen Otomotiv Ailesinden Yeni Y\u0131l Kutlamas\u0131 - KARDELEN OTOMOT\u0130V","isPartOf":{"@id":"https:\/\/kardelenotomotiv.com.tr\/tr\/#website"},"primaryImageOfPage":{"@id":"https:\/\/kardelenotomotiv.com.tr\/tr\/kardelen-otomotiv-ailesinden-yeni-yil-kutlamasi\/#primaryimage"},"image":{"@id":"https:\/\/kardelenotomotiv.com.tr\/tr\/kardelen-otomotiv-ailesinden-yeni-yil-kutlamasi\/#primaryimage"},"thumbnailUrl":"https:\/\/kardelenotomotiv.com.tr\/tr\/wp-content\/uploads\/2026\/01\/yil-basi-fotografi-kardelen.png","datePublished":"2026-01-09T09:41:41+00:00","dateModified":"2026-03-11T13:24:37+00:00","description":"B\u00fcy\u00fck\u015fehir Belediyesi Aktif Ya\u015fam Merkeziyle engelleri a\u015f\u0131yorlar. Kardelen Otomotiv olarak ziyaretimizi ger\u00e7ekle\u015ftirdik ve \u00e7ok mutlu anlar yakalad\u0131k.","breadcrumb":{"@id":"https:\/\/kardelenotomotiv.com.tr\/tr\/kardelen-otomotiv-ailesinden-yeni-yil-kutlamasi\/#breadcrumb"},"inLanguage":"tr","potentialAction":[{"@type":"ReadAction","target":["https:\/\/kardelenotomotiv.com.tr\/tr\/kardelen-otomotiv-ailesinden-yeni-yil-kutlamasi\/"]}]},{"@type":"ImageObject","inLanguage":"tr","@id":"https:\/\/kardelenotomotiv.com.tr\/tr\/kardelen-otomotiv-ailesinden-yeni-yil-kutlamasi\/#primaryimage","url":"https:\/\/kardelenotomotiv.com.tr\/tr\/wp-content\/uploads\/2026\/01\/yil-basi-fotografi-kardelen.png","contentUrl":"https:\/\/kardelenotomotiv.com.tr\/tr\/wp-content\/uploads\/2026\/01\/yil-basi-fotografi-kardelen.png","width":1920,"height":1080},{"@type":"BreadcrumbList","@id":"https:\/\/kardelenotomotiv.com.tr\/tr\/kardelen-otomotiv-ailesinden-yeni-yil-kutlamasi\/#breadcrumb","itemListElement":[{"@type":"ListItem","position":1,"name":"Anasayfa","item":"https:\/\/kardelenotomotiv.com.tr\/tr\/"},{"@type":"ListItem","position":2,"name":"Kardelen Otomotiv Ailesinden Yeni Y\u0131l Kutlamas\u0131"}]},{"@type":"WebSite","@id":"https:\/\/kardelenotomotiv.com.tr\/tr\/#website","url":"https:\/\/kardelenotomotiv.com.tr\/tr\/","name":"KARDELEN OTOMOT\u0130V","description":"Kardelen Otomotiv, Toyota, Honda, Otoko\u00e7, Diyarbak\u0131r - Otomobili Yeniden Ke\u015ffedin!","publisher":{"@id":"https:\/\/kardelenotomotiv.com.tr\/tr\/#organization"},"alternateName":"KARDELEN OTOMOT\u0130V D\u0130YARBAKIR","potentialAction":[{"@type":"SearchAction","target":{"@type":"EntryPoint","urlTemplate":"https:\/\/kardelenotomotiv.com.tr\/tr\/?s={search_term_string}"},"query-input":{"@type":"PropertyValueSpecification","valueRequired":true,"valueName":"search_term_string"}}],"inLanguage":"tr"},{"@type":"Organization","@id":"https:\/\/kardelenotomotiv.com.tr\/tr\/#organization","name":"KARDELEN OTOMOT\u0130V D\u0130YARBAKIR","alternateName":"Toyota Kardelen, Honda Kardelen, Otoko\u00e7 Kardelen Otomotiv","url":"https:\/\/kardelenotomotiv.com.tr\/tr\/","logo":{"@type":"ImageObject","inLanguage":"tr","@id":"https:\/\/kardelenotomotiv.com.tr\/tr\/#\/schema\/logo\/image\/","url":"https:\/\/kardelenotomotiv.com.tr\/tr\/wp-content\/uploads\/2024\/08\/logo-siyah-kardelen.png","contentUrl":"https:\/\/kardelenotomotiv.com.tr\/tr\/wp-content\/uploads\/2024\/08\/logo-siyah-kardelen.png","width":443,"height":73,"caption":"KARDELEN OTOMOT\u0130V D\u0130YARBAKIR"},"image":{"@id":"https:\/\/kardelenotomotiv.com.tr\/tr\/#\/schema\/logo\/image\/"},"sameAs":["https:\/\/www.facebook.com\/kardelenotomotivtr","https:\/\/www.instagram.com\/kardelenotomotivtr\/","https:\/\/www.youtube.com\/c\/KardelenOtomotiv"]},{"@type":"Person","@id":"https:\/\/kardelenotomotiv.com.tr\/tr\/#\/schema\/person\/5be344404387ac9c78a72fd852abe7a9","name":"Kardelen21NetLog","image":{"@type":"ImageObject","inLanguage":"tr","@id":"https:\/\/kardelenotomotiv.com.tr\/tr\/#\/schema\/person\/image\/","url":"https:\/\/secure.gravatar.com\/avatar\/5244acff807fb99d4d7f90b011a9e576cdc73b47905942f51472c882c97d9911?s=96&d=mm&r=g","contentUrl":"https:\/\/secure.gravatar.com\/avatar\/5244acff807fb99d4d7f90b011a9e576cdc73b47905942f51472c882c97d9911?s=96&d=mm&r=g","caption":"Kardelen21NetLog"},"sameAs":["https:\/\/kardelenotomotiv.com.tr\/tr"],"url":"https:\/\/kardelenotomotiv.com.tr\/tr\/author\/kardelen21netlog\/"}]}},"_links":{"self":[{"href":"https:\/\/kardelenotomotiv.com.tr\/tr\/wp-json\/wp\/v2\/posts\/24239","targetHints":{"allow":["GET"]}}],"collection":[{"href":"https:\/\/kardelenotomotiv.com.tr\/tr\/wp-json\/wp\/v2\/posts"}],"about":[{"href":"https:\/\/kardelenotomotiv.com.tr\/tr\/wp-json\/wp\/v2\/types\/post"}],"author":[{"embeddable":true,"href":"https:\/\/kardelenotomotiv.com.tr\/tr\/wp-json\/wp\/v2\/users\/1"}],"replies":[{"embeddable":true,"href":"https:\/\/kardelenotomotiv.com.tr\/tr\/wp-json\/wp\/v2\/comments?post=24239"}],"version-history":[{"count":15,"href":"https:\/\/kardelenotomotiv.com.tr\/tr\/wp-json\/wp\/v2\/posts\/24239\/revisions"}],"predecessor-version":[{"id":24280,"href":"https:\/\/kardelenotomotiv.com.tr\/tr\/wp-json\/wp\/v2\/posts\/24239\/revisions\/24280"}],"wp:featuredmedia":[{"embeddable":true,"href":"https:\/\/kardelenotomotiv.com.tr\/tr\/wp-json\/wp\/v2\/media\/24336"}],"wp:attachment":[{"href":"https:\/\/kardelenotomotiv.com.tr\/tr\/wp-json\/wp\/v2\/media?parent=24239"}],"wp:term":[{"taxonomy":"category","embeddable":true,"href":"https:\/\/kardelenotomotiv.com.tr\/tr\/wp-json\/wp\/v2\/categories?post=24239"},{"taxonomy":"post_tag","embeddable":true,"href":"https:\/\/kardelenotomotiv.com.tr\/tr\/wp-json\/wp\/v2\/tags?post=24239"}],"curies":[{"name":"wp","href":"https:\/\/api.w.org\/{rel}","templated":true}]}}